{"id":966,"date":"2015-07-26T20:08:10","date_gmt":"2015-07-26T18:08:10","guid":{"rendered":"http:\/\/www.eichhoernchenkomplex.de\/wordpress\/?p=966"},"modified":"2015-07-31T11:47:04","modified_gmt":"2015-07-31T09:47:04","slug":"pfifferlinge-und-pfirsich","status":"publish","type":"post","link":"http:\/\/www.eichhoernchenkomplex.de\/wordpress\/pfifferlinge-und-pfirsich\/","title":{"rendered":"Pfifferlinge und Pfirsich"},"content":{"rendered":"<p>Seitdem wir Samstag auf dem Markt waren erschien es mir wie eine wunderbare Kombination: aus den ersten Pfifferlingen und den saftig-s\u00fc\u00dfen wei\u00dfen Pfirsichen l\u00e4sst sich doch sicherlich etwas Gutes zubereiten.<\/p>\n<p>F\u00fcr neue Kombinationen ziehe ich h\u00e4ufig die Tabellen aus dem Buch <a href=\"http:\/\/www.karenandandrew.com\/books\/culinary-artistry\/\" target=\"_blank\">Culinary Artistry<\/a> zu Rate, aber diese beiden Zutaten sind dort nicht aufgef\u00fchrt. Daf\u00fcr Vinaigrette und Zitrone bei den Pfifferlingen&#8230;<\/p>\n<p><a href=\"http:\/\/www.eichhoernchenkomplex.de\/wordpress\/wp-content\/uploads\/2015\/07\/IMG_0046.jpg\"><img decoding=\"async\" loading=\"lazy\" class=\"aligncenter wp-image-968 size-full\" src=\"http:\/\/www.eichhoernchenkomplex.de\/wordpress\/wp-content\/uploads\/2015\/07\/IMG_0046-e1438335735916.jpg\" alt=\"IMG_0046.JPG\" width=\"500\" height=\"373\" \/><\/a><\/p>\n<p>&#8230; und herausgekommen ist ein abwechslungsreiches Rezept mit in Butter gebratenen Pfifferlingen, die in einer Zitronenvinaigrette von karamellisiertem wei\u00dfen Pfirsich und herzhafter Polenta begleitet werden. Zugegeben, es hat eine herbstliche Anmutung, l\u00e4sst sich jedoch jetzt in der Pfirsichzeit gut genie\u00dfen.<\/p>\n<p><!--more--><\/p>\n<p>Zutaten f\u00fcr zwei Portionen:<\/p>\n<ul>\n<li>125g Polenta<\/li>\n<li>50g Parmesan oder Grana Padano<\/li>\n<li>200g kleine Pfifferlinge<\/li>\n<li>1EL Butter<\/li>\n<li>1EL Zucker<\/li>\n<li>2 wei\u00dffleischige Pfirsiche<\/li>\n<li>1EL Zitronensaft<\/li>\n<li>1TL Milder Senf (z.B. Honigsenf)<\/li>\n<li>3EL Oliven\u00f6l<\/li>\n<li>Salz und schwarzer Pfeffer<\/li>\n<\/ul>\n<p>Die Polenta nach Packungsanweisung zubereiten und zum Schluss den K\u00e4se unterziehen.<\/p>\n<p>Pfifferlinge leicht abb\u00fcrsten. Die Butter in einer Pfanne schmelzen und die Pfifferlinge bei kleiner bis mittlerer Hitze darin anbraten, bis sie leicht Farbe nehmen. W\u00e4hrenddessen Zitronensaft, Senf, \u00d6l, Salz und Pfeffer zu einer milden, leicht s\u00fc\u00dflichen Vinaigrette verr\u00fchren.<\/p>\n<p>Pfirsiche halbieren und den Stein entfernen. In einer Pfanne den Zucker bei mittlerer Hitze schmelzen lassen und die Pfirsiche mit der Schnittseite nach unten darin karamellisieren lassen.<\/p>\n<p>Pfifferlinge mit der Vinaigrette \u00fcberziehen und mit Polenta und Pfirsichen anrichten.<\/p>\n","protected":false},"excerpt":{"rendered":"<p>Seitdem wir Samstag auf dem Markt waren erschien es mir wie eine wunderbare Kombination: aus den ersten Pfifferlingen und den saftig-s\u00fc\u00dfen wei\u00dfen Pfirsichen l\u00e4sst sich doch sicherlich etwas Gutes zubereiten. F\u00fcr neue Kombinationen ziehe ich h\u00e4ufig die Tabellen aus dem Buch Culinary Artistry zu Rate, aber diese beiden Zutaten sind dort nicht aufgef\u00fchrt. Daf\u00fcr Vinaigrette <a href=\"http:\/\/www.eichhoernchenkomplex.de\/wordpress\/pfifferlinge-und-pfirsich\/\"> Nachschlag <span class=\"meta-nav\">&raquo;<\/span><\/a><\/p>\n","protected":false},"author":4,"featured_media":0,"comment_status":"open","ping_status":"open","sticky":false,"template":"","format":"standard","meta":{"ngg_post_thumbnail":0},"categories":[39],"tags":[169,122,170],"_links":{"self":[{"href":"http:\/\/www.eichhoernchenkomplex.de\/wordpress\/wp-json\/wp\/v2\/posts\/966"}],"collection":[{"href":"http:\/\/www.eichhoernchenkomplex.de\/wordpress\/wp-json\/wp\/v2\/posts"}],"about":[{"href":"http:\/\/www.eichhoernchenkomplex.de\/wordpress\/wp-json\/wp\/v2\/types\/post"}],"author":[{"embeddable":true,"href":"http:\/\/www.eichhoernchenkomplex.de\/wordpress\/wp-json\/wp\/v2\/users\/4"}],"replies":[{"embeddable":true,"href":"http:\/\/www.eichhoernchenkomplex.de\/wordpress\/wp-json\/wp\/v2\/comments?post=966"}],"version-history":[{"count":3,"href":"http:\/\/www.eichhoernchenkomplex.de\/wordpress\/wp-json\/wp\/v2\/posts\/966\/revisions"}],"predecessor-version":[{"id":971,"href":"http:\/\/www.eichhoernchenkomplex.de\/wordpress\/wp-json\/wp\/v2\/posts\/966\/revisions\/971"}],"wp:attachment":[{"href":"http:\/\/www.eichhoernchenkomplex.de\/wordpress\/wp-json\/wp\/v2\/media?parent=966"}],"wp:term":[{"taxonomy":"category","embeddable":true,"href":"http:\/\/www.eichhoernchenkomplex.de\/wordpress\/wp-json\/wp\/v2\/categories?post=966"},{"taxonomy":"post_tag","embeddable":true,"href":"http:\/\/www.eichhoernchenkomplex.de\/wordpress\/wp-json\/wp\/v2\/tags?post=966"}],"curies":[{"name":"wp","href":"https:\/\/api.w.org\/{rel}","templated":true}]}}